{"id":5485,"date":"2024-04-16T00:00:00","date_gmt":"2024-04-16T00:00:00","guid":{"rendered":"https:\/\/web.deec.uc.pt\/2024\/04\/16\/defesa-da-tese-de-doutoramento-de-gustavo-assuncao\/"},"modified":"2024-04-16T00:00:00","modified_gmt":"2024-04-16T00:00:00","slug":"defesa-da-tese-de-doutoramento-de-gustavo-assuncao","status":"publish","type":"post","link":"https:\/\/web.deec.uc.pt\/en\/2024\/04\/16\/defesa-da-tese-de-doutoramento-de-gustavo-assuncao\/","title":{"rendered":"Defesa da tese de Doutoramento de Gustavo Assun\u00e7\u00e3o."},"content":{"rendered":"<p>A defesa do trabalho com o t\u00edtulo &#8220;Compet\u00eancia Emocional e Adaptabilidade em Intelig\u00eancia Artificial&#8221;, orientado pelos professores Paulo Menezes e Miguel Castelo Branco, ter\u00e1 lugar dia 22 de abril, pelas 16h00 na sala B5.1.<\/p>","protected":false},"excerpt":{"rendered":"<p>A defesa do trabalho com o t\u00edtulo &#8220;Compet\u00eancia Emocional e Adaptabilidade em Intelig\u00eancia Artificial&#8221;, orientado pelos professores Paulo Menezes e Miguel Castelo Branco, ter\u00e1 lugar dia 22 de abril, pelas 16h00 na sala B5.1.<\/p>","protected":false},"author":0,"featured_media":5671,"comment_status":"","ping_status":"","sticky":false,"template":"","format":"standard","meta":{"_et_pb_use_builder":"","_et_pb_old_content":"","_et_gb_content_width":"","footnotes":""},"categories":[30],"tags":[],"class_list":["post-5485","post","type-post","status-publish","format-standard","has-post-thumbnail","hentry","category-news"],"_links":{"self":[{"href":"https:\/\/web.deec.uc.pt\/en\/wp-json\/wp\/v2\/posts\/5485","targetHints":{"allow":["GET"]}}],"collection":[{"href":"https:\/\/web.deec.uc.pt\/en\/wp-json\/wp\/v2\/posts"}],"about":[{"href":"https:\/\/web.deec.uc.pt\/en\/wp-json\/wp\/v2\/types\/post"}],"replies":[{"embeddable":true,"href":"https:\/\/web.deec.uc.pt\/en\/wp-json\/wp\/v2\/comments?post=5485"}],"version-history":[{"count":0,"href":"https:\/\/web.deec.uc.pt\/en\/wp-json\/wp\/v2\/posts\/5485\/revisions"}],"wp:featuredmedia":[{"embeddable":true,"href":"https:\/\/web.deec.uc.pt\/en\/wp-json\/wp\/v2\/media\/5671"}],"wp:attachment":[{"href":"https:\/\/web.deec.uc.pt\/en\/wp-json\/wp\/v2\/media?parent=5485"}],"wp:term":[{"taxonomy":"category","embeddable":true,"href":"https:\/\/web.deec.uc.pt\/en\/wp-json\/wp\/v2\/categories?post=5485"},{"taxonomy":"post_tag","embeddable":true,"href":"https:\/\/web.deec.uc.pt\/en\/wp-json\/wp\/v2\/tags?post=5485"}],"curies":[{"name":"wp","href":"https:\/\/api.w.org\/{rel}","templated":true}]}}