{"id":5233,"date":"2026-03-20T00:00:00","date_gmt":"2026-03-20T00:00:00","guid":{"rendered":"https:\/\/web.deec.uc.pt\/2026\/03\/20\/centros-de-dados-inteligencia-artificial-e-impactos-na-transicao-energetica\/"},"modified":"2026-07-22T14:04:54","modified_gmt":"2026-07-22T14:04:54","slug":"centros-de-dados-inteligencia-artificial-e-impactos-na-transicao-energetica","status":"publish","type":"post","link":"https:\/\/web.deec.uc.pt\/en\/2026\/03\/20\/centros-de-dados-inteligencia-artificial-e-impactos-na-transicao-energetica\/","title":{"rendered":"Centros de dados, intelig\u00eancia artificial e impactos na transi\u00e7\u00e3o energ\u00e9tica."},"content":{"rendered":"<p>Nuno Quaresma, do ISR-UC, no Encontro Nacional do Col\u00e9gio de Engenharia Eletrot\u00e9cnica, organizado pela Ordem dos Engenheiros, realizado na Coimbra Business School. A apresenta\u00e7\u00e3o abordou a utiliza\u00e7\u00e3o de tecnologias de energia sustent\u00e1vel, incluindo a aplica\u00e7\u00e3o de equipamentos energeticamente eficientes e a gest\u00e3o da procura em centros de dados.  A apresenta\u00e7\u00e3o completa est\u00e1 dispon\u00edvel aqui: https:\/\/drive.google.com\/file\/d\/1A6ECi-lHaKvmh4TV3h3idb2De6fZ-7vB\/view?usp=sharing<\/p>","protected":false},"excerpt":{"rendered":"<p>Nuno Quaresma, do ISR-UC, no Encontro Nacional do Col\u00e9gio de Engenharia Eletrot\u00e9cnica, organizado pela Ordem dos Engenheiros, realizado na Coimbra Business School. A apresenta\u00e7\u00e3o abordou a utiliza\u00e7\u00e3o de tecnologias de energia sustent\u00e1vel, incluindo a aplica\u00e7\u00e3o de equipamentos energeticamente eficientes e a gest\u00e3o da procura em centros de dados.  A apresenta\u00e7\u00e3o completa est\u00e1 dispon\u00edvel aqui: https:\/\/drive.google.com\/file\/d\/1A6ECi-lHaKvmh4TV3h3idb2De6fZ-7vB\/view?usp=sharing<\/p>","protected":false},"author":0,"featured_media":5800,"comment_status":"closed","ping_status":"open","sticky":false,"template":"","format":"standard","meta":{"_et_pb_use_builder":"","_et_pb_old_content":"","_et_gb_content_width":"","footnotes":""},"categories":[30],"tags":[],"class_list":["post-5233","post","type-post","status-publish","format-standard","has-post-thumbnail","hentry","category-news"],"_links":{"self":[{"href":"https:\/\/web.deec.uc.pt\/en\/wp-json\/wp\/v2\/posts\/5233","targetHints":{"allow":["GET"]}}],"collection":[{"href":"https:\/\/web.deec.uc.pt\/en\/wp-json\/wp\/v2\/posts"}],"about":[{"href":"https:\/\/web.deec.uc.pt\/en\/wp-json\/wp\/v2\/types\/post"}],"replies":[{"embeddable":true,"href":"https:\/\/web.deec.uc.pt\/en\/wp-json\/wp\/v2\/comments?post=5233"}],"version-history":[{"count":1,"href":"https:\/\/web.deec.uc.pt\/en\/wp-json\/wp\/v2\/posts\/5233\/revisions"}],"predecessor-version":[{"id":5597,"href":"https:\/\/web.deec.uc.pt\/en\/wp-json\/wp\/v2\/posts\/5233\/revisions\/5597"}],"wp:featuredmedia":[{"embeddable":true,"href":"https:\/\/web.deec.uc.pt\/en\/wp-json\/wp\/v2\/media\/5800"}],"wp:attachment":[{"href":"https:\/\/web.deec.uc.pt\/en\/wp-json\/wp\/v2\/media?parent=5233"}],"wp:term":[{"taxonomy":"category","embeddable":true,"href":"https:\/\/web.deec.uc.pt\/en\/wp-json\/wp\/v2\/categories?post=5233"},{"taxonomy":"post_tag","embeddable":true,"href":"https:\/\/web.deec.uc.pt\/en\/wp-json\/wp\/v2\/tags?post=5233"}],"curies":[{"name":"wp","href":"https:\/\/api.w.org\/{rel}","templated":true}]}}