{"id":4545,"date":"2025-07-11T00:00:00","date_gmt":"2025-07-11T00:00:00","guid":{"rendered":"https:\/\/web.deec.uc.pt\/2025\/07\/22\/nova-bauhaus-europeia-em-sessao-online\/"},"modified":"2026-07-22T14:04:51","modified_gmt":"2026-07-22T14:04:51","slug":"nova-bauhaus-europeia-em-sessao-online","status":"publish","type":"post","link":"https:\/\/web.deec.uc.pt\/en\/2025\/07\/11\/nova-bauhaus-europeia-em-sessao-online\/","title":{"rendered":"Nova Bauhaus Europeia em sess\u00e3o online"},"content":{"rendered":"<p>No pr\u00f3ximo dia 23 de julho, \u00e0s 14h30 ter\u00e1 lugar, em formato online, a sess\u00e3o Horizon@UC &#8211; Belo, Sustent\u00e1vel, Juntos: Oportunidade na Nova Bauhaus Europeia.  O objetivo \u00e9 divulgar as oportunidades de financiamento previstas para 2025 no \u00e2mbito da \u201cNova Bauhaus Europeia\u201d do programa-quadro Horizonte Europa, incentivando a participa\u00e7\u00e3o ativa da comunidade da UC, quer como coordenadora, quer como parceira em propostas.  Este evento \u00e9 especialmente relevante para investigadores(as) que trabalham nas \u00e1reas da constru\u00e7\u00e3o, urbanismo, arquitetura, ordenamento do territ\u00f3rio, design, democracia local, modelos de neg\u00f3cio sustent\u00e1veis, comunidades locais, entre outras \u00e1reas ligadas ao ambiente constru\u00eddo e \u00e0s transi\u00e7\u00f5es ecol\u00f3gica e social promovidas pela Nova Bauhaus Europeia.  Inscreve-te em: https:\/\/ls.uc.pt\/index.php\/964473?lang=pt<\/p>","protected":false},"excerpt":{"rendered":"<p>No pr\u00f3ximo dia 23 de julho, \u00e0s 14h30 ter\u00e1 lugar, em formato online, a sess\u00e3o Horizon@UC &#8211; Belo, Sustent\u00e1vel, Juntos: Oportunidade na Nova Bauhaus Europeia.  O objetivo \u00e9 divulgar as oportunidades de financiamento previstas para 2025 no \u00e2mbito da \u201cNova Bauhaus Europeia\u201d do programa-quadro Horizonte Europa, incentivando a participa\u00e7\u00e3o ativa da comunidade da UC, quer como coordenadora, quer como parceira em propostas.  Este evento \u00e9 especialmente relevante para investigadores(as) que trabalham nas \u00e1reas da constru\u00e7\u00e3o, urbanismo, arquitetura, ordenamento do territ\u00f3rio, design, democracia local, modelos de neg\u00f3cio sustent\u00e1veis, comunidades locais, entre outras \u00e1reas ligadas ao ambiente constru\u00eddo e \u00e0s transi\u00e7\u00f5es ecol\u00f3gica e social promovidas pela Nova Bauhaus Europeia.  Inscreve-te em: https:\/\/ls.uc.pt\/index.php\/964473?lang=pt<\/p>","protected":false},"author":0,"featured_media":5754,"comment_status":"closed","ping_status":"open","sticky":false,"template":"","format":"standard","meta":{"_et_pb_use_builder":"","_et_pb_old_content":"","_et_gb_content_width":"","footnotes":""},"categories":[30],"tags":[],"class_list":["post-4545","post","type-post","status-publish","format-standard","has-post-thumbnail","hentry","category-news"],"_links":{"self":[{"href":"https:\/\/web.deec.uc.pt\/en\/wp-json\/wp\/v2\/posts\/4545","targetHints":{"allow":["GET"]}}],"collection":[{"href":"https:\/\/web.deec.uc.pt\/en\/wp-json\/wp\/v2\/posts"}],"about":[{"href":"https:\/\/web.deec.uc.pt\/en\/wp-json\/wp\/v2\/types\/post"}],"replies":[{"embeddable":true,"href":"https:\/\/web.deec.uc.pt\/en\/wp-json\/wp\/v2\/comments?post=4545"}],"version-history":[{"count":1,"href":"https:\/\/web.deec.uc.pt\/en\/wp-json\/wp\/v2\/posts\/4545\/revisions"}],"predecessor-version":[{"id":5555,"href":"https:\/\/web.deec.uc.pt\/en\/wp-json\/wp\/v2\/posts\/4545\/revisions\/5555"}],"wp:featuredmedia":[{"embeddable":true,"href":"https:\/\/web.deec.uc.pt\/en\/wp-json\/wp\/v2\/media\/5754"}],"wp:attachment":[{"href":"https:\/\/web.deec.uc.pt\/en\/wp-json\/wp\/v2\/media?parent=4545"}],"wp:term":[{"taxonomy":"category","embeddable":true,"href":"https:\/\/web.deec.uc.pt\/en\/wp-json\/wp\/v2\/categories?post=4545"},{"taxonomy":"post_tag","embeddable":true,"href":"https:\/\/web.deec.uc.pt\/en\/wp-json\/wp\/v2\/tags?post=4545"}],"curies":[{"name":"wp","href":"https:\/\/api.w.org\/{rel}","templated":true}]}}